{"id":360488,"date":"2025-11-20T15:38:00","date_gmt":"2025-11-20T14:38:00","guid":{"rendered":"https:\/\/reev.com\/facturer-efficacement-et-legalement-la-recharge-des-voitures-de-fonction-a-domicile\/"},"modified":"2025-11-26T14:49:44","modified_gmt":"2025-11-26T13:49:44","slug":"facturer-efficacement-et-legalement-la-recharge-des-voitures-de-fonction-a-domicile","status":"publish","type":"post","link":"https:\/\/reev.com\/fr\/facturer-efficacement-et-legalement-la-recharge-des-voitures-de-fonction-a-domicile\/","title":{"rendered":"Facturer efficacement et l\u00e9galement la recharge des voitures de fonction \u00e0 domicile"},"content":{"rendered":"\t\t<div data-elementor-type=\"wp-post\" data-elementor-id=\"360488\" class=\"elementor elementor-360488 elementor-301573\" data-elementor-post-type=\"post\">\n\t\t\t\t<div class=\"elementor-element elementor-element-0fc9c33 color-change e-flex e-con-boxed e-con e-parent\" data-id=\"0fc9c33\" data-element_type=\"container\" data-e-type=\"container\" data-settings=\"{&quot;jet_parallax_layout_list&quot;:[]}\">\n\t\t\t\t\t<div class=\"e-con-inner\">\n\t\t\t\t<div class=\"elementor-element elementor-element-ee2ae30 jet-breadcrumbs-align-left elementor-widget elementor-widget-jet-breadcrumbs\" data-id=\"ee2ae30\" data-element_type=\"widget\" data-e-type=\"widget\" data-widget_type=\"jet-breadcrumbs.default\">\n\t\t\t\t<div class=\"elementor-widget-container\">\n\t\t\t\t\t<div class=\"elementor-jet-breadcrumbs jet-blocks\">\n\t\t<div class=\"jet-breadcrumbs\">\n\t\t<div class=\"jet-breadcrumbs__content\">\n\t\t<div class=\"jet-breadcrumbs__wrap\"><div class=\"jet-breadcrumbs__item\"><a href=\"https:\/\/reev.com\/fr\/\" class=\"jet-breadcrumbs__item-link is-home\" rel=\"home\" title=\"Home\">Home<\/a><\/div>\n\t\t<\/div>\n\t\t<\/div>\n\t\t<\/div><\/div>\t\t\t\t<\/div>\n\t\t\t\t<\/div>\n\t\t\t\t\t<\/div>\n\t\t\t\t<\/div>\n\t\t<div class=\"elementor-element elementor-element-54cf700 color-change e-flex e-con-boxed e-con e-parent\" data-id=\"54cf700\" data-element_type=\"container\" data-e-type=\"container\" data-settings=\"{&quot;jet_parallax_layout_list&quot;:[]}\">\n\t\t\t\t\t<div class=\"e-con-inner\">\n\t\t<div class=\"elementor-element elementor-element-f6c52e3 e-con-full e-flex e-con e-child\" data-id=\"f6c52e3\" data-element_type=\"container\" data-e-type=\"container\" data-settings=\"{&quot;jet_parallax_layout_list&quot;:[]}\">\n\t\t\t\t<div class=\"elementor-element elementor-element-d6caf8e elementor-widget elementor-widget-heading\" data-id=\"d6caf8e\" data-element_type=\"widget\" data-e-type=\"widget\" data-widget_type=\"heading.default\">\n\t\t\t\t\t<h1 class=\"elementor-heading-title elementor-size-default\">Recharger un v\u00e9hicule de fonction \u00e0 domicile \u2013 Ce que les entreprises doivent savoir \u00e0 partir de 2026<\/h1>\t\t\t\t<\/div>\n\t\t\t\t<div class=\"elementor-element elementor-element-a9dba71 elementor-widget elementor-widget-text-editor\" data-id=\"a9dba71\" data-element_type=\"widget\" data-e-type=\"widget\" data-widget_type=\"text-editor.default\">\n\t\t\t\t\t\t\t\t\t<p data-start=\"552\" data-end=\"887\">De plus en plus d\u2019entreprises \u00e9lectrifient leur flotte de v\u00e9hicules de fonction \u2013 et la recharge \u00e0 domicile gagne en importance. Elle est pratique, efficace et r\u00e9duit la charge sur l\u2019infrastructure de recharge sur site. Parall\u00e8lement, de nouvelles exigences fiscales entreront en vigueur en 2026, rendant indispensable une facturation correcte et transparente.  <\/p><p data-start=\"552\" data-end=\"887\">Le minist\u00e8re f\u00e9d\u00e9ral allemand des Finances (BMF) a publi\u00e9 une mise \u00e0 jour de ses directives. Elles pr\u00e9cisent les mesures d\u2019incitation fiscales \u00e0 l\u2019\u00e9lectromobilit\u00e9 en vigueur depuis 2017 et valables jusqu\u2019\u00e0 fin 2030 \u2013 particuli\u00e8rement pertinentes pour les employeurs dont les salari\u00e9s rechargent leur v\u00e9hicule de fonction \u00e0 domicile. <\/p>\t\t\t\t\t\t\t\t<\/div>\n\t\t\t\t<\/div>\n\t\t\t\t<div class=\"elementor-element elementor-element-31cbd49 elementor-widget__width-initial elementor-widget-tablet__width-inherit elementor-widget elementor-widget-image\" data-id=\"31cbd49\" data-element_type=\"widget\" data-e-type=\"widget\" data-widget_type=\"image.default\">\n\t\t\t\t\t\t\t\t\t\t\t\t\t\t\t<img fetchpriority=\"high\" decoding=\"async\" width=\"2000\" height=\"1334\" src=\"https:\/\/reev.com\/wp-content\/uploads\/cc@h_noHW.jpeg\" class=\"attachment-full size-full wp-image-301594\" alt=\"\" srcset=\"https:\/\/reev.com\/wp-content\/uploads\/cc@h_noHW.jpeg 2000w, https:\/\/reev.com\/wp-content\/uploads\/cc@h_noHW-300x200.jpeg 300w, https:\/\/reev.com\/wp-content\/uploads\/cc@h_noHW-1024x683.jpeg 1024w, https:\/\/reev.com\/wp-content\/uploads\/cc@h_noHW-768x512.jpeg 768w, https:\/\/reev.com\/wp-content\/uploads\/cc@h_noHW-1536x1025.jpeg 1536w, https:\/\/reev.com\/wp-content\/uploads\/cc@h_noHW-1080x720.jpeg 1080w, https:\/\/reev.com\/wp-content\/uploads\/cc@h_noHW-1280x854.jpeg 1280w, https:\/\/reev.com\/wp-content\/uploads\/cc@h_noHW-980x654.jpeg 980w, https:\/\/reev.com\/wp-content\/uploads\/cc@h_noHW-480x320.jpeg 480w\" sizes=\"(max-width: 2000px) 100vw, 2000px\" \/>\t\t\t\t\t\t\t\t\t\t\t\t\t\t\t<\/div>\n\t\t\t\t\t<\/div>\n\t\t\t\t<\/div>\n\t\t<div class=\"elementor-element elementor-element-5adead5 color-change e-flex e-con-boxed e-con e-parent\" data-id=\"5adead5\" data-element_type=\"container\" data-e-type=\"container\" data-settings=\"{&quot;jet_parallax_layout_list&quot;:[]}\">\n\t\t\t\t\t<div class=\"e-con-inner\">\n\t\t<div class=\"elementor-element elementor-element-8ce7142 e-con-full e-flex e-con e-child\" data-id=\"8ce7142\" data-element_type=\"container\" data-e-type=\"container\" data-settings=\"{&quot;jet_parallax_layout_list&quot;:[]}\">\n\t\t<div class=\"elementor-element elementor-element-8fa394b e-con-full e-flex e-con e-child\" data-id=\"8fa394b\" data-element_type=\"container\" data-e-type=\"container\" data-settings=\"{&quot;jet_parallax_layout_list&quot;:[]}\">\n\t\t\t\t<div class=\"elementor-element elementor-element-3860b47 elementor-widget elementor-widget-text-editor\" data-id=\"3860b47\" data-element_type=\"widget\" data-e-type=\"widget\" data-widget_type=\"text-editor.default\">\n\t\t\t\t\t\t\t\t\t<h4 data-start=\"168\" data-end=\"227\"><strong>Pourquoi la recharge \u00e0 domicile est-elle importante pour les v\u00e9hicules de fonction ?<\/strong><\/h4><p data-start=\"116\" data-end=\"564\">Pour de nombreux salari\u00e9s, la recharge \u00e0 domicile est l\u2019option la plus confortable et la plus efficace. Les entreprises en b\u00e9n\u00e9ficient \u00e9galement : l\u2019infrastructure de recharge interne est moins sollicit\u00e9e, la flexibilit\u00e9 des collaborateurs augmente et les processus de recharge deviennent plus planifiables et plus transparents.<br>De plus, les tarifs d\u2019\u00e9lectricit\u00e9 priv\u00e9s sont souvent plus avantageux, ce qui peut g\u00e9n\u00e9rer des \u00e9conomies suppl\u00e9mentaires.  <\/p><p data-start=\"566\" data-end=\"766\">Pour que ces avantages puissent \u00eatre pleinement exploit\u00e9s, les entreprises doivent toutefois disposer de preuves claires et tra\u00e7ables indiquant quand et combien d\u2019\u00e9lectricit\u00e9 a \u00e9t\u00e9 recharg\u00e9e \u2013 en particulier \u00e0 partir de 2026.<\/p><h4 data-start=\"1170\" data-end=\"1227\"><strong data-start=\"1173\" data-end=\"1227\">Les nouvelles exigences du minist\u00e8re des Finances \u00e0 partir de 2026<\/strong><\/h4><p data-start=\"1882\" data-end=\"2151\">La lettre du BMF (Objet : \u00ab Exon\u00e9ration fiscale selon \u00a7 3 n\u00b0 46 EStG et imposition forfaitaire selon \u00a7 40 al. 2 phrase 1 n\u00b0 6 EStG ; traitement fiscal des co\u00fbts d\u2019\u00e9lectricit\u00e9 support\u00e9s par les salari\u00e9s eux-m\u00eames \u00bb) introduit plusieurs changements importants pour les entreprises.<\/p><h6><strong>1. Fin des forfaits mensuels au 31 d\u00e9cembre 2025 <\/strong><\/h6><p data-start=\"2499\" data-end=\"2644\">Jusqu\u2019\u00e0 fin 2025, les forfaits connus peuvent encore \u00eatre utilis\u00e9s. \u00c0 partir de 2026, ils ne seront plus autoris\u00e9s. <\/p><h6><strong data-start=\"1488\" data-end=\"1554\"><strong data-start=\"1488\" data-end=\"1554\">2. Nouvelle \u201cpauschale du prix de l\u2019\u00e9lectricit\u00e9\u201d \u00e0 partir de 2026<\/strong><\/strong><\/h6><p>Les entreprises devront choisir entre deux m\u00e9thodes de facturation :<\/p><ul><li><p data-start=\"2548\" data-end=\"2590\"><strong data-start=\"2552\" data-end=\"2590\">Option A : Facturation selon les co\u00fbts r\u00e9els<\/strong><\/p><p data-start=\"2758\" data-end=\"2912\">Les kWh consomm\u00e9s et les co\u00fbts correspondants doivent \u00eatre prouv\u00e9s de mani\u00e8re exacte.<\/p><p data-start=\"2677\" data-end=\"2719\"><strong data-start=\"2681\" data-end=\"2719\">Option B : Facturation selon la nouvelle \u201cpauschale du prix de l\u2019\u00e9lectricit\u00e9\u201d<\/strong><\/p><\/li><li><p data-start=\"2914\" data-end=\"3311\">Elle est bas\u00e9e sur le prix moyen de l\u2019\u00e9lectricit\u00e9 pour les m\u00e9nages priv\u00e9s (consommation 5 000\u201315 000 kWh), publi\u00e9 par l\u2019Office f\u00e9d\u00e9ral allemand de la statistique.<br>Le prix applicable est celui du premier semestre de l\u2019ann\u00e9e pr\u00e9c\u00e9dente, arrondi au centime inf\u00e9rieur, puis multipli\u00e9 par la quantit\u00e9 d\u2019\u00e9lectricit\u00e9 effectivement recharg\u00e9e.  <\/p><\/li><li> <\/li><li><p data-start=\"3313\" data-end=\"3445\">Cette pauschale n\u2019est donc plus un montant mensuel fixe, mais d\u00e9pend de la quantit\u00e9 r\u00e9elle d\u2019\u00e9nergie recharg\u00e9e.<\/p><\/li><li> <\/li><\/ul><h6><strong>3. Droit d\u2019option annuel \u2013 pas de combinaison possible<\/strong><\/h6><p data-start=\"3504\" data-end=\"3732\">Les entreprises doivent d\u00e9cider en d\u00e9but d\u2019ann\u00e9e si elles factureront selon les co\u00fbts r\u00e9els ou selon la pauschale. Le choix est valable pour toute l\u2019ann\u00e9e et ne peut pas \u00eatre modifi\u00e9 en cours d\u2019exercice. <\/p><h6 data-start=\"3530\" data-end=\"3601\"><strong data-start=\"3533\" data-end=\"3601\">4. Recharge sur le site de l\u2019entreprise : toujours exon\u00e9r\u00e9e \u2013 m\u00eame via un op\u00e9rateur tiers<\/strong><\/h6><p data-start=\"3808\" data-end=\"4056\">La recharge sur le site de l\u2019entreprise reste exon\u00e9r\u00e9e d\u2019imp\u00f4t, m\u00eame si l\u2019infrastructure est exploit\u00e9e par un tiers ou accessible \u00e0 des utilisateurs externes. Cela augmente la s\u00e9curit\u00e9 de planification. <\/p><h6 data-start=\"3950\" data-end=\"4017\"><strong data-start=\"3953\" data-end=\"4017\">5. Exigences accrues en mati\u00e8re de documentation<\/strong><\/h6><p data-start=\"4128\" data-end=\"4462\">Les listes Excel manuelles, les estimations ou les enregistrements incomplets ne suffiront plus \u00e0 l&#8217;avenir. \u00c0 partir de 2026, tous les processus de chargement devront \u00eatre clairement attribu\u00e9s \u00e0 un v\u00e9hicule, \u00eatre document\u00e9s de mani\u00e8re compl\u00e8te et inviolable et \u00eatre tra\u00e7ables \u00e0 des fins d&#8217;audit. Les donn\u00e9es doivent \u00e9galement \u00eatre facilement exploitables par les services RH, financiers et fiscaux.  <\/p><h4 data-start=\"4345\" data-end=\"4410\"><strong data-start=\"4347\" data-end=\"4410\">Le d\u00e9fi : une facturation correcte sans charge administrative excessive<\/strong><\/h4><p data-start=\"4412\" data-end=\"4452\">Les entreprises doivent r\u00e9pondre \u00e0 plusieurs questions cl\u00e9s :<br><\/p><ul data-start=\"4454\" data-end=\"4724\"><li data-start=\"4454\" data-end=\"4516\"><span style=\"background-color: #ffffff; font-size: 16px;\">\u2022 Comment diff\u00e9rencier les recharges priv\u00e9es des recharges professionnelles ?<\/span><\/li><li data-start=\"4517\" data-end=\"4585\"><p data-start=\"4519\" data-end=\"4585\">\u2022 Comment garantir une documentation conforme et v\u00e9rifiable ?<\/p><\/li><li data-start=\"4586\" data-end=\"4657\"><p data-start=\"4588\" data-end=\"4657\">\u2022 Comment mettre les donn\u00e9es \u00e0 disposition des services RH, Finance et de la fiscalit\u00e9 ?<\/p><\/li><li data-start=\"4658\" data-end=\"4724\"><p data-start=\"4660\" data-end=\"4724\">\u2022 Comment garder un processus simple pour les salari\u00e9s ?<\/p><\/li><li data-start=\"4658\" data-end=\"4724\"> <\/li><\/ul><p data-start=\"4726\" data-end=\"4837\">Sans solution num\u00e9rique, le risque d\u2019erreurs et la charge administrative augmentent rapidement.<\/p><h4 data-start=\"2537\" data-end=\"2587\"><strong data-start=\"2540\" data-end=\"2587\">Comment r\u00e9ussir la recharge \u00e0 domicile en toute conformit\u00e9<\/strong><\/h4><p data-start=\"4993\" data-end=\"5476\">Une solution professionnelle pour le <a href=\"https:\/\/reev.com\/fr\/recharger-une-voiture-de-fonction-a-domicile\/\">chargement des voitures de fonction \u00e0 domicile<\/a> permet l&#8217;enregistrement automatique de tous les processus de chargement, l&#8217;attribution claire au v\u00e9hicule et \u00e0 l&#8217;utilisateur ainsi qu&#8217;une s\u00e9paration nette entre les processus de chargement priv\u00e9s et professionnels. Les donn\u00e9es de consommation sont document\u00e9es conform\u00e9ment \u00e0 la l\u00e9gislation et sont disponibles \u00e0 tout moment de mani\u00e8re compl\u00e8te et v\u00e9rifiable. Les entreprises b\u00e9n\u00e9ficient ainsi de processus transparents, \u00e9volutifs et efficaces, sans effort suppl\u00e9mentaire de la part des collaborateurs.  <\/p><h4 data-start=\"3083\" data-end=\"3123\"><strong data-start=\"3086\" data-end=\"3123\">Ce que les entreprises doivent faire maintenant<\/strong><\/h4><p data-start=\"3125\" data-end=\"3162\"><strong>Les nouvelles r\u00e8gles sont claires :<\/strong><\/p><p data-start=\"5524\" data-end=\"5807\">\u00c0 partir de 2026, les exigences en mati\u00e8re de pr\u00e9cision, de transparence et de documentation augmentent fortement.<br>Les entreprises devraient donc d\u00e8s maintenant mettre en place des processus num\u00e9riques structur\u00e9s pour r\u00e9duire les erreurs et assurer une r\u00e9partition claire des responsabilit\u00e9s. <\/p><h4 data-start=\"477\" data-end=\"544\"><strong data-start=\"479\" data-end=\"544\">Recharger un v\u00e9hicule de fonction \u00e0 domicile \u2013 comment reev soutient les entreprises<\/strong><\/h4><p data-start=\"1098\" data-end=\"1550\">La recharge \u00e0 domicile doit \u00eatre : simple, fiable et conforme.<br>C\u2019est exactement ce que propose la<a href=\"https:\/\/reev.com\/fr\/plateforme-reev\/\"> plate-forme \u00e9nergie &amp; recharge de reev<\/a>.<br><br>Avec la plate-forme reev :<br>\u2022 toutes les recharges professionnelles sont automatiquement enregistr\u00e9es,<br>\u2022 chaque session est attribu\u00e9e clairement au v\u00e9hicule concern\u00e9,<br>\u2022 les donn\u00e9es sont document\u00e9es de mani\u00e8re enti\u00e8rement conforme,<br>\u2022 les co\u00fbts et consommations sont transparents \u00e0 tout moment,<br>\u2022 et les processus RH, Finance et fiscaux sont consid\u00e9rablement simplifi\u00e9s.   <\/p><p data-start=\"1552\" data-end=\"1879\">Les salari\u00e9s rechargent simplement chez eux \u2013 tandis que la plate-forme traite et pr\u00e9pare automatiquement les donn\u00e9es n\u00e9cessaires \u00e0 la facturation.<br>Les entreprises b\u00e9n\u00e9ficient de preuves fiables, d\u2019un partage des co\u00fbts clair et d\u2019un fonctionnement fluide. <\/p><p data-start=\"1881\" data-end=\"2116\"><strong>R\u00e9sultat<\/strong> : moins d\u2019efforts administratifs, plus de transparence et une conformit\u00e9 compl\u00e8te gr\u00e2ce \u00e0 une solution intelligente, ind\u00e9pendante du mat\u00e9riel et durable.<\/p>\t\t\t\t\t\t\t\t<\/div>\n\t\t\t\t<\/div>\n\t\t\t\t<\/div>\n\t\t\t\t\t<\/div>\n\t\t\t\t<\/div>\n\t\t<div class=\"elementor-element elementor-element-f50bd67 e-flex e-con-boxed e-con e-parent\" data-id=\"f50bd67\" data-element_type=\"container\" data-e-type=\"container\" data-settings=\"{&quot;jet_parallax_layout_list&quot;:[]}\">\n\t\t\t\t\t<div class=\"e-con-inner\">\n\t\t<div class=\"elementor-element elementor-element-8f35231 e-con-full e-flex e-con e-child\" data-id=\"8f35231\" data-element_type=\"container\" data-e-type=\"container\" data-settings=\"{&quot;background_background&quot;:&quot;classic&quot;,&quot;jet_parallax_layout_list&quot;:[]}\">\n\t\t<div class=\"elementor-element elementor-element-ceec896 e-con-full e-flex e-con e-child\" data-id=\"ceec896\" data-element_type=\"container\" data-e-type=\"container\" data-settings=\"{&quot;jet_parallax_layout_list&quot;:[]}\">\n\t\t\t\t<div class=\"elementor-element elementor-element-e3e2914 elementor-widget elementor-widget-heading\" data-id=\"e3e2914\" data-element_type=\"widget\" data-e-type=\"widget\" data-widget_type=\"heading.default\">\n\t\t\t\t\t<h2 class=\"elementor-heading-title elementor-size-default\">Recharger un v\u00e9hicule de fonction \u00e0 domicile en toute conformit\u00e9<\/h2>\t\t\t\t<\/div>\n\t\t\t\t<div class=\"elementor-element elementor-element-5cf162e elementor-widget elementor-widget-text-editor\" data-id=\"5cf162e\" data-element_type=\"widget\" data-e-type=\"widget\" data-widget_type=\"text-editor.default\">\n\t\t\t\t\t\t\t\t\t<p data-start=\"6865\" data-end=\"7070\">D\u00e9couvrez comment la plate-forme \u00e9nergie &amp; recharge de reev aide les entreprises \u00e0 enregistrer les sessions, automatiser la facturation et garantir une conformit\u00e9 totale \u00e0 partir de 2026.<\/p>\t\t\t\t\t\t\t\t<\/div>\n\t\t\t\t<div class=\"elementor-element elementor-element-9e13992 elementor-align-left reev-button reev-button--white elementor-widget elementor-widget-button\" data-id=\"9e13992\" data-element_type=\"widget\" data-e-type=\"widget\" data-widget_type=\"button.default\">\n\t\t\t\t\t\t\t\t\t\t<a class=\"elementor-button elementor-button-link elementor-size-sm\" href=\"https:\/\/reev.com\/fr\/recharger-une-voiture-de-fonction-a-domicile\/\">\n\t\t\t\t\t\t<span class=\"elementor-button-content-wrapper\">\n\t\t\t\t\t\t<span class=\"elementor-button-icon\">\n\t\t\t\t<svg xmlns=\"http:\/\/www.w3.org\/2000\/svg\" width=\"20\" height=\"20\" viewBox=\"0 0 20 20\" fill=\"none\"><path d=\"M11.25 3.75L17.5 10M17.5 10L11.25 16.25M17.5 10H2.5\" stroke=\"#131923\" stroke-width=\"1.5\" stroke-linecap=\"round\" stroke-linejoin=\"round\"><\/path><\/svg>\t\t\t<\/span>\n\t\t\t\t\t\t\t\t\t<span class=\"elementor-button-text\">En savoir plus maintenant<\/span>\n\t\t\t\t\t<\/span>\n\t\t\t\t\t<\/a>\n\t\t\t\t\t\t\t\t<\/div>\n\t\t\t\t<\/div>\n\t\t\t\t<\/div>\n\t\t\t\t\t<\/div>\n\t\t\t\t<\/div>\n\t\t\t\t<\/div>\n\t\t","protected":false},"excerpt":{"rendered":"<p>De plus en plus d&#8217;employ\u00e9s rechargent leurs voitures de fonction \u00e0 domicile. Mais comment les entreprises peuvent-elles facturer ces op\u00e9rations de recharge de mani\u00e8re efficace et l\u00e9gale ? Notre blog vous pr\u00e9sente les principales bases l\u00e9gales et des solutions pratiques pour organiser la facturation de mani\u00e8re simple et flexible avec reev. Apprenez-en plus et optimisez vos processus.   <\/p>\n","protected":false},"author":14,"featured_media":301594,"comment_status":"open","ping_status":"open","sticky":false,"template":"","format":"standard","meta":{"_seopress_robots_primary_cat":"32","_seopress_titles_title":"Facturer efficacement et l\u00e9galement la recharge des voitures de fonction \u00e0 domicile","_seopress_titles_desc":"D\u00e9couvrez comment les voitures de fonction seront charg\u00e9es \u00e0 domicile \u00e0 partir de 2026 conform\u00e9ment \u00e0 la loi - et comment reev vous aide \u00e0 les enregistrer et \u00e0 les facturer.","_seopress_robots_index":"","footnotes":""},"categories":[996],"tags":[756,153,1435,130,164,1462,1446,134,261,1385,158,654,590,1429,1415,695],"class_list":["post-360488","post","type-post","status-publish","format-standard","has-post-thumbnail","hentry","category-connaissance","tag-charging","tag-dienstwagen","tag-efficacite","tag-elektrofahrzeug","tag-elektromobilitaet","tag-employes","tag-entreprise","tag-ladeinfrastruktur","tag-ladestationen","tag-magasin-de-voitures-de-fonction-a-domicile","tag-nachhaltigkeit","tag-reev-gmbh","tag-smartcharging","tag-solution-de-chargement","tag-voiture-dentreprise","tag-wallbox"],"_links":{"self":[{"href":"https:\/\/reev.com\/fr\/wp-json\/wp\/v2\/posts\/360488","targetHints":{"allow":["GET"]}}],"collection":[{"href":"https:\/\/reev.com\/fr\/wp-json\/wp\/v2\/posts"}],"about":[{"href":"https:\/\/reev.com\/fr\/wp-json\/wp\/v2\/types\/post"}],"author":[{"embeddable":true,"href":"https:\/\/reev.com\/fr\/wp-json\/wp\/v2\/users\/14"}],"replies":[{"embeddable":true,"href":"https:\/\/reev.com\/fr\/wp-json\/wp\/v2\/comments?post=360488"}],"version-history":[{"count":0,"href":"https:\/\/reev.com\/fr\/wp-json\/wp\/v2\/posts\/360488\/revisions"}],"wp:featuredmedia":[{"embeddable":true,"href":"https:\/\/reev.com\/fr\/wp-json\/wp\/v2\/media\/301594"}],"wp:attachment":[{"href":"https:\/\/reev.com\/fr\/wp-json\/wp\/v2\/media?parent=360488"}],"wp:term":[{"taxonomy":"category","embeddable":true,"href":"https:\/\/reev.com\/fr\/wp-json\/wp\/v2\/categories?post=360488"},{"taxonomy":"post_tag","embeddable":true,"href":"https:\/\/reev.com\/fr\/wp-json\/wp\/v2\/tags?post=360488"}],"curies":[{"name":"wp","href":"https:\/\/api.w.org\/{rel}","templated":true}]}}