{"id":369817,"date":"2023-02-23T21:24:03","date_gmt":"2023-02-23T20:24:03","guid":{"rendered":"https:\/\/reev.com\/recharger-les-vehicules-electriques-en-toute-securite-1-2-securite-du-materiel\/"},"modified":"2026-02-12T12:30:15","modified_gmt":"2026-02-12T11:30:15","slug":"recharger-les-vehicules-electriques-en-toute-securite-1-2-securite-du-materiel","status":"publish","type":"post","link":"https:\/\/reev.com\/fr\/recharger-les-vehicules-electriques-en-toute-securite-1-2-securite-du-materiel\/","title":{"rendered":"Recharger les v\u00e9hicules \u00e9lectriques en toute s\u00e9curit\u00e9 (1\/2) : S\u00e9curit\u00e9 du mat\u00e9riel"},"content":{"rendered":"\t\t<div data-elementor-type=\"wp-post\" data-elementor-id=\"369817\" class=\"elementor elementor-369817 elementor-243599\" data-elementor-post-type=\"post\">\n\t\t\t\t<div class=\"elementor-element elementor-element-76c0467 color-change e-flex e-con-boxed e-con e-parent\" data-id=\"76c0467\" data-element_type=\"container\" data-e-type=\"container\" data-settings=\"{&quot;jet_parallax_layout_list&quot;:[]}\">\n\t\t\t\t\t<div class=\"e-con-inner\">\n\t\t\t\t<div class=\"elementor-element elementor-element-4eeb148 jet-breadcrumbs-align-left elementor-widget elementor-widget-jet-breadcrumbs\" data-id=\"4eeb148\" data-element_type=\"widget\" data-e-type=\"widget\" data-widget_type=\"jet-breadcrumbs.default\">\n\t\t\t\t<div class=\"elementor-widget-container\">\n\t\t\t\t\t<div class=\"elementor-jet-breadcrumbs jet-blocks\">\n\t\t<div class=\"jet-breadcrumbs\">\n\t\t<div class=\"jet-breadcrumbs__content\">\n\t\t<div class=\"jet-breadcrumbs__wrap\"><div class=\"jet-breadcrumbs__item\"><a href=\"https:\/\/reev.com\/fr\/\" class=\"jet-breadcrumbs__item-link is-home\" rel=\"home\" title=\"Home\">Home<\/a><\/div>\n\t\t<\/div>\n\t\t<\/div>\n\t\t<\/div><\/div>\t\t\t\t<\/div>\n\t\t\t\t<\/div>\n\t\t\t\t\t<\/div>\n\t\t\t\t<\/div>\n\t\t<div class=\"elementor-element elementor-element-46636e4 color-change e-flex e-con-boxed e-con e-parent\" data-id=\"46636e4\" data-element_type=\"container\" data-e-type=\"container\" data-settings=\"{&quot;jet_parallax_layout_list&quot;:[]}\">\n\t\t\t\t\t<div class=\"e-con-inner\">\n\t\t<div class=\"elementor-element elementor-element-d4b6271 e-con-full e-flex e-con e-child\" data-id=\"d4b6271\" data-element_type=\"container\" data-e-type=\"container\" data-settings=\"{&quot;jet_parallax_layout_list&quot;:[]}\">\n\t\t\t\t<div class=\"elementor-element elementor-element-052278e elementor-widget elementor-widget-heading\" data-id=\"052278e\" data-element_type=\"widget\" data-e-type=\"widget\" data-widget_type=\"heading.default\">\n\t\t\t\t\t<h1 class=\"elementor-heading-title elementor-size-default\">Recharger les v\u00e9hicules \u00e9lectriques en toute s\u00e9curit\u00e9 (1\/2) : S\u00e9curit\u00e9 du mat\u00e9riel\n<\/h1>\t\t\t\t<\/div>\n\t\t\t\t<div class=\"elementor-element elementor-element-3bf1521 elementor-widget elementor-widget-text-editor\" data-id=\"3bf1521\" data-element_type=\"widget\" data-e-type=\"widget\" data-widget_type=\"text-editor.default\">\n\t\t\t\t\t\t\t\t\t<p data-start=\"383\" data-end=\"614\">Une infrastructure de recharge s\u00e9curis\u00e9e est une condition essentielle pour le d\u00e9veloppement de la mobilit\u00e9 \u00e9lectrique. Outre les exigences r\u00e9glementaires, il s&#8217;agit avant tout de planifier, d&#8217;installer et d&#8217;entretenir le mat\u00e9riel dans les r\u00e8gles de l&#8217;art. <\/p>\t\t\t\t\t\t\t\t<\/div>\n\t\t\t\t<\/div>\n\t\t\t\t<div class=\"elementor-element elementor-element-3cbb1be elementor-widget__width-initial elementor-widget-tablet__width-inherit elementor-widget elementor-widget-image\" data-id=\"3cbb1be\" data-element_type=\"widget\" data-e-type=\"widget\" data-widget_type=\"image.default\">\n\t\t\t\t\t\t\t\t\t\t\t\t\t\t\t<img fetchpriority=\"high\" decoding=\"async\" width=\"2560\" height=\"1440\" src=\"https:\/\/reev.com\/wp-content\/uploads\/2023\/02\/zan-X_JsI_9Hl7o-unsplash-scaled.jpeg\" class=\"attachment-full size-full wp-image-243591\" alt=\"\" srcset=\"https:\/\/reev.com\/wp-content\/uploads\/2023\/02\/zan-X_JsI_9Hl7o-unsplash-scaled.jpeg 2560w, https:\/\/reev.com\/wp-content\/uploads\/2023\/02\/zan-X_JsI_9Hl7o-unsplash-300x169.jpeg 300w, https:\/\/reev.com\/wp-content\/uploads\/2023\/02\/zan-X_JsI_9Hl7o-unsplash-1024x576.jpeg 1024w, https:\/\/reev.com\/wp-content\/uploads\/2023\/02\/zan-X_JsI_9Hl7o-unsplash-768x432.jpeg 768w, https:\/\/reev.com\/wp-content\/uploads\/2023\/02\/zan-X_JsI_9Hl7o-unsplash-1536x864.jpeg 1536w, https:\/\/reev.com\/wp-content\/uploads\/2023\/02\/zan-X_JsI_9Hl7o-unsplash-2048x1152.jpeg 2048w, https:\/\/reev.com\/wp-content\/uploads\/2023\/02\/zan-X_JsI_9Hl7o-unsplash-1080x608.jpeg 1080w, https:\/\/reev.com\/wp-content\/uploads\/2023\/02\/zan-X_JsI_9Hl7o-unsplash-1280x720.jpeg 1280w, https:\/\/reev.com\/wp-content\/uploads\/2023\/02\/zan-X_JsI_9Hl7o-unsplash-980x551.jpeg 980w, https:\/\/reev.com\/wp-content\/uploads\/2023\/02\/zan-X_JsI_9Hl7o-unsplash-480x270.jpeg 480w\" sizes=\"(max-width: 2560px) 100vw, 2560px\" \/>\t\t\t\t\t\t\t\t\t\t\t\t\t\t\t<\/div>\n\t\t\t\t\t<\/div>\n\t\t\t\t<\/div>\n\t\t<div class=\"elementor-element elementor-element-d89d2d4 color-change e-flex e-con-boxed e-con e-parent\" data-id=\"d89d2d4\" data-element_type=\"container\" data-e-type=\"container\" data-settings=\"{&quot;jet_parallax_layout_list&quot;:[]}\">\n\t\t\t\t\t<div class=\"e-con-inner\">\n\t\t<div class=\"elementor-element elementor-element-890ed31 e-con-full e-flex e-con e-child\" data-id=\"890ed31\" data-element_type=\"container\" data-e-type=\"container\" data-settings=\"{&quot;jet_parallax_layout_list&quot;:[]}\">\n\t\t<div class=\"elementor-element elementor-element-bdceb80 e-con-full e-flex e-con e-child\" data-id=\"bdceb80\" data-element_type=\"container\" data-e-type=\"container\" data-settings=\"{&quot;jet_parallax_layout_list&quot;:[]}\">\n\t\t\t\t<div class=\"elementor-element elementor-element-c3cf17d elementor-widget elementor-widget-text-editor\" data-id=\"c3cf17d\" data-element_type=\"widget\" data-e-type=\"widget\" data-widget_type=\"text-editor.default\">\n\t\t\t\t\t\t\t\t\t<p data-start=\"616\" data-end=\"1023\">L&#8217;acc\u00e8s \u00e0 des possibilit\u00e9s de recharge fiables et s\u00fbres est une condition de base essentielle pour le d\u00e9veloppement continu de l&#8217;\u00e9lectromobilit\u00e9. C&#8217;est pourquoi l&#8217;Allemagne dispose depuis 2016 d&#8217;une ordonnance sur les bornes de recharge (LSV). Elle d\u00e9finit de mani\u00e8re contraignante, \u00e0 l&#8217;\u00e9chelle nationale, les exigences minimales \u00e0 respecter en mati\u00e8re de s\u00e9curit\u00e9 technique des infrastructures de recharge pour les v\u00e9hicules \u00e9lectriques.  <\/p><p data-start=\"1025\" data-end=\"1231\">En tant qu&#8217;op\u00e9rateur, il est important de prendre en compte la s\u00e9curit\u00e9 du mat\u00e9riel lors de l&#8217;installation et de l&#8217;utilisation d&#8217;une station de recharge. Vous trouverez ci-dessous les principaux aspects d&#8217;une op\u00e9ration de chargement s\u00fbre. <\/p><h4 data-start=\"1238\" data-end=\"1265\"><strong>Planification et pr\u00e9paration<\/strong><\/h4><p data-start=\"1267\" data-end=\"1581\">D\u00e8s la phase de planification, il est recommand\u00e9 d&#8217;accorder une grande importance \u00e0 la s\u00e9curit\u00e9 de l&#8217;infrastructure de recharge. La mise en service et la maintenance des stations de recharge doivent \u00eatre exclusivement confi\u00e9es \u00e0 des \u00e9lectriciens sp\u00e9cialis\u00e9s dans l&#8217;e-mobilit\u00e9, afin de garantir un fonctionnement s\u00fbr et conforme aux normes. <\/p><h4 data-start=\"1588\" data-end=\"1617\"><strong>S\u00e9curit\u00e9 de la station de recharge<\/strong><\/h4><p data-start=\"1619\" data-end=\"1955\">Sur les nouvelles Wallbox, la prise utilis\u00e9e peut \u00eatre verrouill\u00e9e contre le vol et le retrait non autoris\u00e9, \u00e0 la fois du c\u00f4t\u00e9 de la station et du v\u00e9hicule. Cela permet d&#8217;\u00e9viter les d\u00e9branchements non autoris\u00e9s. Pour les points de charge publics ou semi-publics, il est \u00e9galement recommand\u00e9 d&#8217;utiliser un c\u00e2ble de charge fixe int\u00e9gr\u00e9.  <\/p><p data-start=\"1957\" data-end=\"2391\">Pour garantir une charge sans probl\u00e8me, la puissance de charge maximale possible ne doit pas \u00eatre d\u00e9pass\u00e9e. La Wallbox, le c\u00e2ble de recharge et le v\u00e9hicule sont en communication continue pendant la recharge. Les informations sur la disponibilit\u00e9 de la charge et la puissance de charge maximale possible sont \u00e9chang\u00e9es. Comme c&#8217;est toujours le composant le plus faible du syst\u00e8me qui d\u00e9termine la puissance maximale, les surcharges sont \u00e9vit\u00e9es de mani\u00e8re fiable.   <\/p><p data-start=\"2393\" data-end=\"2721\">Pour plus de s\u00e9curit\u00e9, la prise n&#8217;est sous tension que lorsque le contact entre la station de recharge et le v\u00e9hicule est \u00e9tabli sans erreur. En outre, les disjoncteurs diff\u00e9rentiels (RCD) et les disjoncteurs de protection de ligne garantissent que le circuit \u00e9lectrique est automatiquement coup\u00e9 en cas de courant de d\u00e9faut, de surcharge ou de d\u00e9faut. <\/p><h4 data-start=\"2728\" data-end=\"2755\"><strong>Charger chez soi<\/strong><\/h4><p data-start=\"2757\" data-end=\"3033\">Outre les points de recharge publics ou semi-publics, il est possible d&#8217;installer une borne de recharge \u00e0 domicile pour les v\u00e9hicules \u00e9lectriques personnels ou professionnels. Il convient de v\u00e9rifier au pr\u00e9alable si l&#8217;infrastructure \u00e9lectrique existante s&#8217;y pr\u00eate. <\/p><p data-start=\"3035\" data-end=\"3351\">Il est en principe possible de recharger les v\u00e9hicules \u00e9lectriques \u00e0 l&#8217;aide d&#8217;une prise de courant domestique classique. Cependant, pour des raisons de s\u00e9curit\u00e9, cela est d\u00e9conseill\u00e9 car ces prises ne sont pas con\u00e7ues pour supporter une puissance \u00e9lev\u00e9e en permanence. Il existe un risque de surchauffe ou, dans le pire des cas, d&#8217;incendie.  <\/p><p data-start=\"3353\" data-end=\"3590\">\u00c0 long terme, il est donc recommand\u00e9 d&#8217;installer une Wallbox dot\u00e9e d&#8217;une technologie de s\u00e9curit\u00e9 et de communication moderne, m\u00eame dans le secteur priv\u00e9. Celle-ci est con\u00e7ue pour des charges permanentes \u00e9lev\u00e9es et permet en outre des processus de charge nettement plus rapides. <\/p><h4 data-start=\"3597\" data-end=\"3652\"><strong>S\u00e9curit\u00e9 du r\u00e9seau \u00e9lectrique : gestion de la charge et du chargement<\/strong><\/h4><p data-start=\"3654\" data-end=\"3875\">Avec l&#8217;augmentation du nombre de v\u00e9hicules \u00e9lectriques, une gestion intelligente de la charge et du chargement prend de plus en plus d&#8217;importance. Elle permet d&#8217;optimiser l&#8217;utilisation des points de charge et d&#8217;\u00e9viter les surcharges du r\u00e9seau \u00e9lectrique. <\/p><p data-start=\"3877\" data-end=\"4053\">La gestion et la r\u00e9partition cibl\u00e9es de la puissance disponible entre le raccordement au r\u00e9seau et les stations de recharge permettent de r\u00e9duire les pics de charge et de garantir la stabilit\u00e9 du r\u00e9seau.<\/p><h4 data-start=\"4060\" data-end=\"4098\"><strong>Respect de la l\u00e9gislation en mati\u00e8re de mesure et d&#8217;\u00e9talonnage<\/strong><\/h4><p data-start=\"4100\" data-end=\"4351\">Depuis 2019, l&#8217;infrastructure de recharge pour l&#8217;eMobility doit r\u00e9pondre aux exigences de la l\u00e9gislation allemande en mati\u00e8re de mesure et d&#8217;\u00e9talonnage. Les compteurs \u00e9lectriques int\u00e9gr\u00e9s dans les stations de recharge doivent enregistrer la consommation r\u00e9elle d&#8217;\u00e9lectricit\u00e9 de mani\u00e8re uniforme et juridiquement contraignante. <\/p><p data-start=\"4353\" data-end=\"4556\">Les op\u00e9rations de charge peuvent ainsi \u00eatre suivies au kWh pr\u00e8s et factur\u00e9es en fonction de la consommation. Le droit d&#8217;\u00e9talonnage assure ainsi la transparence et la s\u00e9curit\u00e9 juridique et renforce la confiance des conducteurs. <\/p><h4 data-start=\"4563\" data-end=\"4585\"><strong>Maintenance r\u00e9guli\u00e8re<\/strong><\/h4><p data-start=\"4587\" data-end=\"4809\">Selon les r\u00e8gles de pr\u00e9vention des accidents (UVV), seules les stations de recharge en parfait \u00e9tat de fonctionnement peuvent \u00eatre utilis\u00e9es. Les op\u00e9rateurs doivent donc faire v\u00e9rifier r\u00e9guli\u00e8rement la s\u00e9curit\u00e9 \u00e9lectrique de leur infrastructure de recharge. <\/p><p data-start=\"4811\" data-end=\"5086\">Il est recommand\u00e9 d&#8217;effectuer une maintenance compl\u00e8te, y compris un test de fonctionnement. L&#8217;\u00e9tat de tous les composants de l&#8217;infrastructure de recharge est alors v\u00e9rifi\u00e9. Cela permet d&#8217;identifier et de corriger \u00e0 temps les risques potentiels pour la s\u00e9curit\u00e9, tels que les risques d&#8217;incendie ou les d\u00e9fauts techniques.  <\/p><p data-start=\"5088\" data-end=\"5220\">La maintenance peut \u00eatre effectu\u00e9e par des \u00e9lectriciens form\u00e9s ou faire l&#8217;objet d&#8217;un contrat avec le prestataire de services de la solution de recharge.<\/p>\t\t\t\t\t\t\t\t<\/div>\n\t\t\t\t<\/div>\n\t\t\t\t<\/div>\n\t\t\t\t\t<\/div>\n\t\t\t\t<\/div>\n\t\t<div class=\"elementor-element elementor-element-121b9f5 e-flex e-con-boxed e-con e-parent\" data-id=\"121b9f5\" data-element_type=\"container\" data-e-type=\"container\" data-settings=\"{&quot;jet_parallax_layout_list&quot;:[]}\">\n\t\t\t\t\t<div class=\"e-con-inner\">\n\t\t<div class=\"elementor-element elementor-element-0edd08f e-con-full e-flex e-con e-child\" data-id=\"0edd08f\" data-element_type=\"container\" data-e-type=\"container\" data-settings=\"{&quot;background_background&quot;:&quot;classic&quot;,&quot;jet_parallax_layout_list&quot;:[]}\">\n\t\t<div class=\"elementor-element elementor-element-f79ec81 e-con-full e-flex e-con e-child\" data-id=\"f79ec81\" data-element_type=\"container\" data-e-type=\"container\" data-settings=\"{&quot;jet_parallax_layout_list&quot;:[]}\">\n\t\t\t\t<div class=\"elementor-element elementor-element-96221e9 elementor-widget elementor-widget-heading\" data-id=\"96221e9\" data-element_type=\"widget\" data-e-type=\"widget\" data-widget_type=\"heading.default\">\n\t\t\t\t\t<h2 class=\"elementor-heading-title elementor-size-default\">Vous \u00eates int\u00e9ress\u00e9 par les solutions de recharge reev pour les entreprises ?\n<\/h2>\t\t\t\t<\/div>\n\t\t\t\t<div class=\"elementor-element elementor-element-7a765bb elementor-widget elementor-widget-text-editor\" data-id=\"7a765bb\" data-element_type=\"widget\" data-e-type=\"widget\" data-widget_type=\"text-editor.default\">\n\t\t\t\t\t\t\t\t\t<p data-start=\"4779\" data-end=\"4917\">Nous nous ferons un plaisir de vous conseiller personnellement sur les possibilit\u00e9s.<br data-start=\"5351\" data-end=\"5354\">Contactez-nous &#8211; notre \u00e9quipe vous r\u00e9pondra rapidement.<\/p>\t\t\t\t\t\t\t\t<\/div>\n\t\t\t\t<div class=\"elementor-element elementor-element-286f636 elementor-align-left reev-button reev-button--white elementor-widget elementor-widget-button\" data-id=\"286f636\" data-element_type=\"widget\" data-e-type=\"widget\" data-widget_type=\"button.default\">\n\t\t\t\t\t\t\t\t\t\t<a class=\"elementor-button elementor-button-link elementor-size-sm\" href=\"https:\/\/reev.com\/fr\/solutions\/recharger-dans-le-secteur-residentiel\/contacter\/\">\n\t\t\t\t\t\t<span class=\"elementor-button-content-wrapper\">\n\t\t\t\t\t\t<span class=\"elementor-button-icon\">\n\t\t\t\t<svg xmlns=\"http:\/\/www.w3.org\/2000\/svg\" width=\"20\" height=\"20\" viewBox=\"0 0 20 20\" fill=\"none\"><path d=\"M11.25 3.75L17.5 10M17.5 10L11.25 16.25M17.5 10H2.5\" stroke=\"#131923\" stroke-width=\"1.5\" stroke-linecap=\"round\" stroke-linejoin=\"round\"><\/path><\/svg>\t\t\t<\/span>\n\t\t\t\t\t\t\t\t\t<span class=\"elementor-button-text\">Prendre contact<\/span>\n\t\t\t\t\t<\/span>\n\t\t\t\t\t<\/a>\n\t\t\t\t\t\t\t\t<\/div>\n\t\t\t\t<\/div>\n\t\t\t\t<\/div>\n\t\t\t\t\t<\/div>\n\t\t\t\t<\/div>\n\t\t\t\t<\/div>\n\t\t","protected":false},"excerpt":{"rendered":"<p>La s\u00e9curit\u00e9 technique des stations de recharge est une condition pr\u00e9alable au d\u00e9veloppement \u00e0 grande \u00e9chelle de l&#8217;infrastructure de recharge. Les points auxquels les op\u00e9rateurs doivent veiller lors de la planification, de l&#8217;installation et de l&#8217;exploitation. <\/p>\n","protected":false},"author":14,"featured_media":243591,"comment_status":"open","ping_status":"open","sticky":false,"template":"","format":"standard","meta":{"_seopress_robots_primary_cat":"32","_seopress_titles_title":"Recharger les v\u00e9hicules \u00e9lectriques en toute s\u00e9curit\u00e9 (1\/2) : Mat\u00e9riel","_seopress_titles_desc":"La s\u00e9curit\u00e9 du mat\u00e9riel est un facteur cl\u00e9 pour l'exploitation d'une infrastructure de recharge. D\u00e9couvrez \u00e0 cette occasion les \u00e9l\u00e9ments \u00e0 prendre en compte. ","_seopress_robots_index":"","footnotes":""},"categories":[996],"tags":[],"class_list":["post-369817","post","type-post","status-publish","format-standard","has-post-thumbnail","hentry","category-connaissance"],"_links":{"self":[{"href":"https:\/\/reev.com\/fr\/wp-json\/wp\/v2\/posts\/369817","targetHints":{"allow":["GET"]}}],"collection":[{"href":"https:\/\/reev.com\/fr\/wp-json\/wp\/v2\/posts"}],"about":[{"href":"https:\/\/reev.com\/fr\/wp-json\/wp\/v2\/types\/post"}],"author":[{"embeddable":true,"href":"https:\/\/reev.com\/fr\/wp-json\/wp\/v2\/users\/14"}],"replies":[{"embeddable":true,"href":"https:\/\/reev.com\/fr\/wp-json\/wp\/v2\/comments?post=369817"}],"version-history":[{"count":0,"href":"https:\/\/reev.com\/fr\/wp-json\/wp\/v2\/posts\/369817\/revisions"}],"wp:featuredmedia":[{"embeddable":true,"href":"https:\/\/reev.com\/fr\/wp-json\/wp\/v2\/media\/243591"}],"wp:attachment":[{"href":"https:\/\/reev.com\/fr\/wp-json\/wp\/v2\/media?parent=369817"}],"wp:term":[{"taxonomy":"category","embeddable":true,"href":"https:\/\/reev.com\/fr\/wp-json\/wp\/v2\/categories?post=369817"},{"taxonomy":"post_tag","embeddable":true,"href":"https:\/\/reev.com\/fr\/wp-json\/wp\/v2\/tags?post=369817"}],"curies":[{"name":"wp","href":"https:\/\/api.w.org\/{rel}","templated":true}]}}