{"id":324887,"date":"2025-03-11T09:07:34","date_gmt":"2025-03-11T08:07:34","guid":{"rendered":"https:\/\/reev.com\/?post_type=presseportal&#038;p=324887"},"modified":"2025-03-11T11:02:12","modified_gmt":"2025-03-11T10:02:12","slug":"reev-lance-un-nouveau-systeme-de-gestion-denergie-base-sur-le-cloud-au-benelux","status":"publish","type":"presseportal","link":"https:\/\/reev.com\/fr\/press\/reev-lance-un-nouveau-systeme-de-gestion-denergie-base-sur-le-cloud-au-benelux\/","title":{"rendered":"reev lance un nouveau syst\u00e8me de gestion d\u2019\u00e9nergie bas\u00e9 sur le cloud au Benelux"},"content":{"rendered":"<p><strong>Recharger plus intelligemment, sans renforcement du r\u00e9seau.<\/strong><\/p>\n<div class=\"flex max-w-full flex-col flex-grow\">\n<div class=\"min-h-8 text-message flex w-full flex-col items-end gap-2 whitespace-normal break-words [.text-message+&amp;]:mt-5\" dir=\"auto\" data-message-author-role=\"assistant\" data-message-id=\"38ebdfff-a4ee-484d-b460-ddb3adefe7f8\" data-message-model-slug=\"gpt-4o\">\n<div class=\"flex w-full flex-col gap-1 empty:hidden first:pt-[3px]\">\n<div class=\"markdown prose w-full break-words dark:prose-invert light\">\n<p>&nbsp;<\/p>\n<p>Le reev Balancer permet aux entreprises et op\u00e9rateurs de bornes de recharge au Benelux d\u2019optimiser leur capacit\u00e9 de recharge et de surmonter les d\u00e9fis du r\u00e9seau. Gr\u00e2ce \u00e0 une gestion d\u2019\u00e9nergie intelligente bas\u00e9e sur le cloud, des besoins mat\u00e9riels r\u00e9duits et un \u00e9quilibrage dynamique des charges, reev propose une solution \u00e9volutive et durable.<\/p>\n<\/div>\n<\/div>\n<\/div>\n<\/div>\n","protected":false},"featured_media":320792,"template":"","class_list":["post-324887","presseportal","type-presseportal","status-publish","has-post-thumbnail","hentry"],"_links":{"self":[{"href":"https:\/\/reev.com\/fr\/wp-json\/wp\/v2\/presseportal\/324887","targetHints":{"allow":["GET"]}}],"collection":[{"href":"https:\/\/reev.com\/fr\/wp-json\/wp\/v2\/presseportal"}],"about":[{"href":"https:\/\/reev.com\/fr\/wp-json\/wp\/v2\/types\/presseportal"}],"version-history":[{"count":0,"href":"https:\/\/reev.com\/fr\/wp-json\/wp\/v2\/presseportal\/324887\/revisions"}],"wp:featuredmedia":[{"embeddable":true,"href":"https:\/\/reev.com\/fr\/wp-json\/wp\/v2\/media\/320792"}],"wp:attachment":[{"href":"https:\/\/reev.com\/fr\/wp-json\/wp\/v2\/media?parent=324887"}],"curies":[{"name":"wp","href":"https:\/\/api.w.org\/{rel}","templated":true}]}}