{"id":327482,"date":"2025-04-02T10:38:12","date_gmt":"2025-04-02T08:38:12","guid":{"rendered":"https:\/\/reev.com\/?post_type=presseportal&#038;p=327482"},"modified":"2025-04-02T11:31:14","modified_gmt":"2025-04-02T09:31:14","slug":"expansion-france","status":"publish","type":"presseportal","link":"https:\/\/reev.com\/fr\/press\/expansion-france\/","title":{"rendered":"reev lance sa plateforme de recharge et de gestion de l\u2019\u00e9nergie simplifi\u00e9e pour v\u00e9hicules \u00e9lectriques en France"},"content":{"rendered":"<p data-start=\"126\" data-end=\"491\"><strong>reev poursuit son expansion en Europe et accompagne les entreprises fran\u00e7aises dans le d\u00e9ploiement d\u2019une infrastructure de recharge intelligente et durable.<\/strong><\/p>\n<p data-start=\"126\" data-end=\"491\">Avec sa solution cloud \u00e9volutive, reev facilite l\u2019\u00e9lectrification des infrastructures en France. La plateforme tout-en-un s\u2019adresse aux entreprises et partenaires locaux souhaitant g\u00e9rer efficacement la recharge et l\u2019\u00e9nergie &#8211; sans complexit\u00e9, sans d\u00e9pendance \u00e0 un fabricant, et pr\u00eate pour l\u2019avenir.<\/p>\n","protected":false},"featured_media":283978,"template":"","class_list":["post-327482","presseportal","type-presseportal","status-publish","has-post-thumbnail","hentry"],"_links":{"self":[{"href":"https:\/\/reev.com\/fr\/wp-json\/wp\/v2\/presseportal\/327482","targetHints":{"allow":["GET"]}}],"collection":[{"href":"https:\/\/reev.com\/fr\/wp-json\/wp\/v2\/presseportal"}],"about":[{"href":"https:\/\/reev.com\/fr\/wp-json\/wp\/v2\/types\/presseportal"}],"version-history":[{"count":0,"href":"https:\/\/reev.com\/fr\/wp-json\/wp\/v2\/presseportal\/327482\/revisions"}],"wp:featuredmedia":[{"embeddable":true,"href":"https:\/\/reev.com\/fr\/wp-json\/wp\/v2\/media\/283978"}],"wp:attachment":[{"href":"https:\/\/reev.com\/fr\/wp-json\/wp\/v2\/media?parent=327482"}],"curies":[{"name":"wp","href":"https:\/\/api.w.org\/{rel}","templated":true}]}}